{"id":4512,"date":"2024-11-08T17:46:21","date_gmt":"2024-11-08T17:46:21","guid":{"rendered":"https:\/\/klaraakordeon.cz\/?p=4512"},"modified":"2024-11-08T17:46:21","modified_gmt":"2024-11-08T17:46:21","slug":"krest-abla-woman-2024","status":"publish","type":"post","link":"https:\/\/klaraakordeon.cz\/en\/krest-abla-woman-2024\/","title":{"rendered":"K\u0159est abla WOMAN 2024"},"content":{"rendered":"<p>D\u00e1my a p\u00e1nov\u00e9,<\/p>\n<p>projekt, na kter\u00e9m jsem pracovala v posledn\u00edm roce m\u011bl skv\u011blou premi\u00e9ru.<\/p>\n<p>V Brn\u011b, s moj\u00ed rodinou, p\u0159\u00e1teli, skv\u011bl\u00fdmi muzikanty a kolegy, v p\u0159\u00edjemn\u00e9m prost\u0159ed\u00ed. Prost\u011b tak, jak jsem si to p\u0159edsevzala.<\/p>\n<p>V\u0161em d\u011bkuji, \u017ee jste p\u0159i\u0161li a za\u017eili s n\u00e1mi tu energii. Bylo to skv\u011bl\u00e9.<\/p>\n<p>Fotodokumentace od Majdy Sl\u00e1mov\u00e9 je skv\u011bl\u00e1 a moc j\u00ed za to d\u011bkuji.<\/p>\n<blockquote class=\"wp-embedded-content\" data-secret=\"PE7XB4YEh2\"><p><a href=\"https:\/\/klaraakordeon.cz\/galleries\/krest-alba-woman-25-10-2024\/\">K\u0159est alba WOMAN 25.10.2024<\/a><\/p><\/blockquote>\n<p><iframe loading=\"lazy\" class=\"wp-embedded-content\" sandbox=\"allow-scripts\" security=\"restricted\" style=\"position: absolute; visibility: hidden;\" title=\"&#8222;K\u0159est alba WOMAN 25.10.2024&#8220; &#8212; Kl\u00e1ra Vesel\u00e1: accordionist, singer, composer and accordion teacher\" src=\"https:\/\/klaraakordeon.cz\/galleries\/krest-alba-woman-25-10-2024\/embed\/#?secret=Jft8dL0xVO#?secret=PE7XB4YEh2\" data-secret=\"PE7XB4YEh2\" width=\"600\" height=\"338\" frameborder=\"0\" marginwidth=\"0\" marginheight=\"0\" scrolling=\"no\"><\/iframe><\/p>\n","protected":false},"excerpt":{"rendered":"<p>D\u00e1my a p\u00e1nov\u00e9, projekt, na kter\u00e9m jsem pracovala v posledn\u00edm roce m\u011bl skv\u011blou premi\u00e9ru. V Brn\u011b, s moj\u00ed rodinou, p\u0159\u00e1teli, skv\u011bl\u00fdmi muzikanty a kolegy, v p\u0159\u00edjemn\u00e9m prost\u0159ed\u00ed. Prost\u011b tak, jak jsem si to p\u0159edsevzala. V\u0161em d\u011bkuji, \u017ee jste p\u0159i\u0161li a za\u017eili s n\u00e1mi tu energii. Bylo to skv\u011bl\u00e9. Fotodokumentace od[&#8230;]<\/p>\n","protected":false},"author":2,"featured_media":4500,"comment_status":"open","ping_status":"open","sticky":false,"template":"","format":"standard","meta":{"_seopress_robots_primary_cat":"none","_seopress_titles_title":"","_seopress_titles_desc":"","_seopress_robots_index":"","footnotes":""},"categories":[1],"tags":[],"class_list":["post-4512","post","type-post","status-publish","format-standard","has-post-thumbnail","hentry","category-uncategorized-cs"],"_links":{"self":[{"href":"https:\/\/klaraakordeon.cz\/en\/wp-json\/wp\/v2\/posts\/4512","targetHints":{"allow":["GET"]}}],"collection":[{"href":"https:\/\/klaraakordeon.cz\/en\/wp-json\/wp\/v2\/posts"}],"about":[{"href":"https:\/\/klaraakordeon.cz\/en\/wp-json\/wp\/v2\/types\/post"}],"author":[{"embeddable":true,"href":"https:\/\/klaraakordeon.cz\/en\/wp-json\/wp\/v2\/users\/2"}],"replies":[{"embeddable":true,"href":"https:\/\/klaraakordeon.cz\/en\/wp-json\/wp\/v2\/comments?post=4512"}],"version-history":[{"count":0,"href":"https:\/\/klaraakordeon.cz\/en\/wp-json\/wp\/v2\/posts\/4512\/revisions"}],"wp:featuredmedia":[{"embeddable":true,"href":"https:\/\/klaraakordeon.cz\/en\/wp-json\/wp\/v2\/media\/4500"}],"wp:attachment":[{"href":"https:\/\/klaraakordeon.cz\/en\/wp-json\/wp\/v2\/media?parent=4512"}],"wp:term":[{"taxonomy":"category","embeddable":true,"href":"https:\/\/klaraakordeon.cz\/en\/wp-json\/wp\/v2\/categories?post=4512"},{"taxonomy":"post_tag","embeddable":true,"href":"https:\/\/klaraakordeon.cz\/en\/wp-json\/wp\/v2\/tags?post=4512"}],"curies":[{"name":"wp","href":"https:\/\/api.w.org\/{rel}","templated":true}]}}