{"id":4658,"date":"2025-06-03T07:26:00","date_gmt":"2025-06-03T07:26:00","guid":{"rendered":"https:\/\/klaraakordeon.cz\/?p=4658"},"modified":"2025-06-03T07:28:42","modified_gmt":"2025-06-03T07:28:42","slug":"alegorie-zivota-vystava-luciana-mayaciho-s-hudbou","status":"publish","type":"post","link":"https:\/\/klaraakordeon.cz\/en\/alegorie-zivota-vystava-luciana-mayaciho-s-hudbou\/","title":{"rendered":"ALEGORIE \u017dIVOTA &#8211; v\u00fdstava Luciana Mayaciho s hudbou"},"content":{"rendered":"<p>Srde\u010dn\u011b zvu na v\u00fdstavu multi\u017e\u00e1nrov\u00e9ho um\u011blce Luciana Mayaciho.<\/p>\n<p>M\u00e1m tu \u010dest, doprovodit zahajovac\u00ed vernis\u00e1\u017e hudbou. Slo\u017eila jsem zbrusu nov\u00e9 p\u00edsn\u011b k p\u0159\u00edle\u017eitosti t\u00e9matu: ALEGORIE \u017dIVOTA.<\/p>\n<p>&nbsp;<\/p>\n<p>T\u011b\u0161\u00edme se na V\u00e1s. Brno , Arnoldova vila, ul. Drobn\u00e9ho\u00a0<em>26, v 18.00.<\/em><\/p>\n<p><a href=\"http:\/\/klaraakordeon.cz\/wp-content\/uploads\/2025\/06\/FB_IMG_1748935128031.jpg\" rel=\"thumbnails\" class=\"zoom\"><img loading=\"lazy\" decoding=\"async\" class=\"alignnone size-medium wp-image-4661\" src=\"http:\/\/klaraakordeon.cz\/wp-content\/uploads\/2025\/06\/FB_IMG_1748935128031-212x300.jpg\" alt=\"\" width=\"212\" height=\"300\" srcset=\"https:\/\/klaraakordeon.cz\/wp-content\/uploads\/2025\/06\/FB_IMG_1748935128031-212x300.jpg 212w, https:\/\/klaraakordeon.cz\/wp-content\/uploads\/2025\/06\/FB_IMG_1748935128031-500x707.jpg 500w, https:\/\/klaraakordeon.cz\/wp-content\/uploads\/2025\/06\/FB_IMG_1748935128031-724x1024.jpg 724w, https:\/\/klaraakordeon.cz\/wp-content\/uploads\/2025\/06\/FB_IMG_1748935128031-768x1086.jpg 768w, https:\/\/klaraakordeon.cz\/wp-content\/uploads\/2025\/06\/FB_IMG_1748935128031-1086x1536.jpg 1086w, https:\/\/klaraakordeon.cz\/wp-content\/uploads\/2025\/06\/FB_IMG_1748935128031-560x792.jpg 560w, https:\/\/klaraakordeon.cz\/wp-content\/uploads\/2025\/06\/FB_IMG_1748935128031.jpg 1448w\" sizes=\"auto, (max-width: 212px) 100vw, 212px\" \/><\/a><\/p>\n","protected":false},"excerpt":{"rendered":"<p>Srde\u010dn\u011b zvu na v\u00fdstavu multi\u017e\u00e1nrov\u00e9ho um\u011blce Luciana Mayaciho. M\u00e1m tu \u010dest, doprovodit zahajovac\u00ed vernis\u00e1\u017e hudbou. Slo\u017eila jsem zbrusu nov\u00e9 p\u00edsn\u011b k p\u0159\u00edle\u017eitosti t\u00e9matu: ALEGORIE \u017dIVOTA. &nbsp; T\u011b\u0161\u00edme se na V\u00e1s. Brno , Arnoldova vila, ul. Drobn\u00e9ho\u00a026, v 18.00.<\/p>\n","protected":false},"author":2,"featured_media":4661,"comment_status":"closed","ping_status":"closed","sticky":false,"template":"","format":"standard","meta":{"_seopress_robots_primary_cat":"none","_seopress_titles_title":"","_seopress_titles_desc":"","_seopress_robots_index":"","footnotes":""},"categories":[1],"tags":[],"class_list":["post-4658","post","type-post","status-publish","format-standard","has-post-thumbnail","hentry","category-uncategorized-cs"],"_links":{"self":[{"href":"https:\/\/klaraakordeon.cz\/en\/wp-json\/wp\/v2\/posts\/4658","targetHints":{"allow":["GET"]}}],"collection":[{"href":"https:\/\/klaraakordeon.cz\/en\/wp-json\/wp\/v2\/posts"}],"about":[{"href":"https:\/\/klaraakordeon.cz\/en\/wp-json\/wp\/v2\/types\/post"}],"author":[{"embeddable":true,"href":"https:\/\/klaraakordeon.cz\/en\/wp-json\/wp\/v2\/users\/2"}],"replies":[{"embeddable":true,"href":"https:\/\/klaraakordeon.cz\/en\/wp-json\/wp\/v2\/comments?post=4658"}],"version-history":[{"count":1,"href":"https:\/\/klaraakordeon.cz\/en\/wp-json\/wp\/v2\/posts\/4658\/revisions"}],"predecessor-version":[{"id":4662,"href":"https:\/\/klaraakordeon.cz\/en\/wp-json\/wp\/v2\/posts\/4658\/revisions\/4662"}],"wp:featuredmedia":[{"embeddable":true,"href":"https:\/\/klaraakordeon.cz\/en\/wp-json\/wp\/v2\/media\/4661"}],"wp:attachment":[{"href":"https:\/\/klaraakordeon.cz\/en\/wp-json\/wp\/v2\/media?parent=4658"}],"wp:term":[{"taxonomy":"category","embeddable":true,"href":"https:\/\/klaraakordeon.cz\/en\/wp-json\/wp\/v2\/categories?post=4658"},{"taxonomy":"post_tag","embeddable":true,"href":"https:\/\/klaraakordeon.cz\/en\/wp-json\/wp\/v2\/tags?post=4658"}],"curies":[{"name":"wp","href":"https:\/\/api.w.org\/{rel}","templated":true}]}}