{"id":4682,"date":"2025-09-05T06:15:09","date_gmt":"2025-09-05T06:15:09","guid":{"rendered":"https:\/\/klaraakordeon.cz\/?p=4682"},"modified":"2025-09-05T06:17:05","modified_gmt":"2025-09-05T06:17:05","slug":"pevecky-sbor-a-hudebni-krouzek-zabcice","status":"publish","type":"post","link":"https:\/\/klaraakordeon.cz\/en\/pevecky-sbor-a-hudebni-krouzek-zabcice\/","title":{"rendered":"P\u011bveck\u00fd sbor a hudebn\u00ed krou\u017eek \u017dAB\u010cICE"},"content":{"rendered":"<p>Srde\u010dn\u011b zvu na n\u00e1bor do hudebn\u00edch lekc\u00ed po\u0159\u00e1dan\u00e9 v Z\u0160 \u017dab\u010dice.<\/p>\n<p><strong>N\u00e1bor na ob\u011b krou\u017eky prob\u011bhne 8. a 15. z\u00e1\u0159\u00ed (pond\u011bl\u00ed v\u017edy mezi 13-14 hodinou v Z\u0160).<\/strong><\/p>\n<p>D\u011bti na n\u00e1boru dostanou p\u0159ihl\u00e1\u0161ku, kterou rodi\u010de vypln\u00ed.<\/p>\n<p>Hudebn\u00ed krou\u017eek bude prob\u00edhat s\u00f3lov\u011b, po 30 minut\u00e1ch. Kapacita jsou 4 lekce.<\/p>\n<p><strong>Start lekc\u00ed 22.9. 2025<\/strong><\/p>\n<p>Hudebn\u00ed krou\u017eek &#8211; individu\u00e1ln\u011b mezi 12-14 hodinou<\/p>\n<p><strong>\u0160koln\u00ed sbor &#8211; hromadn\u00e1 lekce mezi 14-15 hodinou<\/strong><\/p>\n<p><strong>Platba<\/strong> &#8211; na z\u00e1klad\u011b p\u0159ihl\u00e1\u0161ky V\u00e1m vystav\u00edm fakturu, kterou za\u0161lu emailem.<\/p>\n<p><a href=\"https:\/\/klaraakordeon.cz\/wp-content\/uploads\/2025\/09\/hudebka-zaby.jpg\" rel=\"thumbnails\" class=\"zoom\"><img loading=\"lazy\" decoding=\"async\" class=\"alignnone size-medium wp-image-4685\" src=\"https:\/\/klaraakordeon.cz\/wp-content\/uploads\/2025\/09\/hudebka-zaby-212x300.jpg\" alt=\"\" width=\"212\" height=\"300\" srcset=\"https:\/\/klaraakordeon.cz\/wp-content\/uploads\/2025\/09\/hudebka-zaby-212x300.jpg 212w, https:\/\/klaraakordeon.cz\/wp-content\/uploads\/2025\/09\/hudebka-zaby-724x1024.jpg 724w, https:\/\/klaraakordeon.cz\/wp-content\/uploads\/2025\/09\/hudebka-zaby-768x1086.jpg 768w, https:\/\/klaraakordeon.cz\/wp-content\/uploads\/2025\/09\/hudebka-zaby-1086x1536.jpg 1086w, https:\/\/klaraakordeon.cz\/wp-content\/uploads\/2025\/09\/hudebka-zaby-1448x2048.jpg 1448w, https:\/\/klaraakordeon.cz\/wp-content\/uploads\/2025\/09\/hudebka-zaby-560x792.jpg 560w, https:\/\/klaraakordeon.cz\/wp-content\/uploads\/2025\/09\/hudebka-zaby-500x707.jpg 500w, https:\/\/klaraakordeon.cz\/wp-content\/uploads\/2025\/09\/hudebka-zaby.jpg 1587w\" sizes=\"auto, (max-width: 212px) 100vw, 212px\" \/><\/a><\/p>\n<p><a href=\"https:\/\/klaraakordeon.cz\/wp-content\/uploads\/2025\/09\/sbor.jpg\" rel=\"thumbnails\" class=\"zoom\"><img loading=\"lazy\" decoding=\"async\" class=\"alignnone size-medium wp-image-4686\" src=\"https:\/\/klaraakordeon.cz\/wp-content\/uploads\/2025\/09\/sbor-212x300.jpg\" alt=\"\" width=\"212\" height=\"300\" srcset=\"https:\/\/klaraakordeon.cz\/wp-content\/uploads\/2025\/09\/sbor-212x300.jpg 212w, https:\/\/klaraakordeon.cz\/wp-content\/uploads\/2025\/09\/sbor-724x1024.jpg 724w, https:\/\/klaraakordeon.cz\/wp-content\/uploads\/2025\/09\/sbor-768x1086.jpg 768w, https:\/\/klaraakordeon.cz\/wp-content\/uploads\/2025\/09\/sbor-1086x1536.jpg 1086w, https:\/\/klaraakordeon.cz\/wp-content\/uploads\/2025\/09\/sbor-1448x2048.jpg 1448w, https:\/\/klaraakordeon.cz\/wp-content\/uploads\/2025\/09\/sbor-560x792.jpg 560w, https:\/\/klaraakordeon.cz\/wp-content\/uploads\/2025\/09\/sbor-500x707.jpg 500w, https:\/\/klaraakordeon.cz\/wp-content\/uploads\/2025\/09\/sbor.jpg 1587w\" sizes=\"auto, (max-width: 212px) 100vw, 212px\" \/><\/a><\/p>\n","protected":false},"excerpt":{"rendered":"<p>Srde\u010dn\u011b zvu na n\u00e1bor do hudebn\u00edch lekc\u00ed po\u0159\u00e1dan\u00e9 v Z\u0160 \u017dab\u010dice. N\u00e1bor na ob\u011b krou\u017eky prob\u011bhne 8. a 15. z\u00e1\u0159\u00ed (pond\u011bl\u00ed v\u017edy mezi 13-14 hodinou v Z\u0160). D\u011bti na n\u00e1boru dostanou p\u0159ihl\u00e1\u0161ku, kterou rodi\u010de vypln\u00ed. Hudebn\u00ed krou\u017eek bude prob\u00edhat s\u00f3lov\u011b, po 30 minut\u00e1ch. Kapacita jsou 4 lekce. Start lekc\u00ed 22.9.[&#8230;]<\/p>\n","protected":false},"author":2,"featured_media":4686,"comment_status":"closed","ping_status":"closed","sticky":false,"template":"","format":"standard","meta":{"_seopress_robots_primary_cat":"none","_seopress_titles_title":"","_seopress_titles_desc":"","_seopress_robots_index":"","footnotes":""},"categories":[1],"tags":[],"class_list":["post-4682","post","type-post","status-publish","format-standard","has-post-thumbnail","hentry","category-uncategorized-cs"],"_links":{"self":[{"href":"https:\/\/klaraakordeon.cz\/en\/wp-json\/wp\/v2\/posts\/4682","targetHints":{"allow":["GET"]}}],"collection":[{"href":"https:\/\/klaraakordeon.cz\/en\/wp-json\/wp\/v2\/posts"}],"about":[{"href":"https:\/\/klaraakordeon.cz\/en\/wp-json\/wp\/v2\/types\/post"}],"author":[{"embeddable":true,"href":"https:\/\/klaraakordeon.cz\/en\/wp-json\/wp\/v2\/users\/2"}],"replies":[{"embeddable":true,"href":"https:\/\/klaraakordeon.cz\/en\/wp-json\/wp\/v2\/comments?post=4682"}],"version-history":[{"count":2,"href":"https:\/\/klaraakordeon.cz\/en\/wp-json\/wp\/v2\/posts\/4682\/revisions"}],"predecessor-version":[{"id":4688,"href":"https:\/\/klaraakordeon.cz\/en\/wp-json\/wp\/v2\/posts\/4682\/revisions\/4688"}],"wp:featuredmedia":[{"embeddable":true,"href":"https:\/\/klaraakordeon.cz\/en\/wp-json\/wp\/v2\/media\/4686"}],"wp:attachment":[{"href":"https:\/\/klaraakordeon.cz\/en\/wp-json\/wp\/v2\/media?parent=4682"}],"wp:term":[{"taxonomy":"category","embeddable":true,"href":"https:\/\/klaraakordeon.cz\/en\/wp-json\/wp\/v2\/categories?post=4682"},{"taxonomy":"post_tag","embeddable":true,"href":"https:\/\/klaraakordeon.cz\/en\/wp-json\/wp\/v2\/tags?post=4682"}],"curies":[{"name":"wp","href":"https:\/\/api.w.org\/{rel}","templated":true}]}}